{"id":8730,"date":"2025-12-10T23:39:06","date_gmt":"2025-12-10T23:39:06","guid":{"rendered":"https:\/\/academiapastoralnb.org\/?p=8730"},"modified":"2025-12-11T05:57:23","modified_gmt":"2025-12-11T05:57:23","slug":"siempre-reformandose-ii","status":"publish","type":"post","link":"https:\/\/academiapastoralnb.org\/es\/siempre-reformandose-ii\/","title":{"rendered":"\u00bfSiempre reform\u00e1ndose? II"},"content":{"rendered":"\t\t<div data-elementor-type=\"wp-post\" data-elementor-id=\"8730\" class=\"elementor elementor-8730\">\n\t\t\t\t<div class=\"elementor-element elementor-element-7b26bd32 e-flex e-con-boxed wpr-particle-no wpr-jarallax-no wpr-parallax-no wpr-sticky-section-no wpr-equal-height-no e-con e-parent\" data-id=\"7b26bd32\" data-element_type=\"container\" data-e-type=\"container\">\n\t\t\t\t\t<div class=\"e-con-inner\">\n\t\t\t\t<div class=\"elementor-element elementor-element-5a24613f elementor-widget elementor-widget-text-editor\" data-id=\"5a24613f\" data-element_type=\"widget\" data-e-type=\"widget\" data-widget_type=\"text-editor.default\">\n\t\t\t\t\t\t\t\t\t<p><strong><img fetchpriority=\"high\" decoding=\"async\" class=\"size-medium wp-image-7315 alignleft\" src=\"https:\/\/academiapastoralnb.org\/wp-content\/uploads\/2025\/12\/mDoner-7-300x300.jpg\" alt=\"\" width=\"300\" height=\"300\" srcset=\"https:\/\/academiapastoralnb.org\/wp-content\/uploads\/2025\/12\/mDoner-7-300x300.jpg 300w, https:\/\/academiapastoralnb.org\/wp-content\/uploads\/2025\/12\/mDoner-7-150x150.jpg 150w, https:\/\/academiapastoralnb.org\/wp-content\/uploads\/2025\/12\/mDoner-7-768x768.jpg 768w, https:\/\/academiapastoralnb.org\/wp-content\/uploads\/2025\/12\/mDoner-7-12x12.jpg 12w, https:\/\/academiapastoralnb.org\/wp-content\/uploads\/2025\/12\/mDoner-7.jpg 800w\" sizes=\"(max-width: 300px) 100vw, 300px\" \/>La reforma b\u00edblica se extiende a la conducta.<\/strong><\/p>\n<p>Ciertamente, como individuos y como iglesias, debemos examinar continuamente lo que creemos y declaramos (p\u00fablicamente y en privado, cuando hablamos, escribimos y cantamos) comparando todo con el est\u00e1ndar que nos da la Palabra de Dios, para asegurarnos de que nuestras creencias y declaraciones est\u00e9n en conformidad con la verdad revelada por Dios.<\/p>\n<p>Sin embargo, la reforma b\u00edblica es incompleta si solamente produce creencias y declaraciones correctas, incluso cuando estas surgen de corazones sinceros, puros y bien intencionados.<\/p>\n<p>Si creemos sinceramente en la verdad b\u00edblica que declaramos, esta verdad debe gobernar inevitablemente nuestra conducta, nuestros h\u00e1bitos y nuestras pr\u00e1cticas. La carta de Pablo a la iglesia en Galacia nos ofrece un ejemplo llamativo de esto. En G\u00e1latas 1:6-7, el ap\u00f3stol reprende duramente a los g\u00e1latas por haber cambiado su \u00abevangelio\u00bb.<\/p>\n<p><strong>Estoy maravillado de que tan pronto os hay\u00e1is alejado del que os llam\u00f3 por la gracia de Cristo, para seguir un evangelio diferente.<\/strong><\/p>\n<p>No que haya otro, sino que hay algunos que os perturban y quieren&nbsp;<strong>pervertir el evangelio<\/strong>&nbsp;de Cristo.<\/p>\n<p>En G\u00e1latas 3:1, 3 y 5:7-8, vemos que su perversi\u00f3n de la verdad era una cuesti\u00f3n de conducta, de pr\u00e1ctica, una cuesti\u00f3n de desobedecer a la verdad.<\/p>\n<p>\u00a1Oh g\u00e1latas insensatos! \u00bfqui\u00e9n os fascin\u00f3 para&nbsp;<strong>no obedecer<\/strong>&nbsp;a la verdad, a vosotros ante cuyos ojos Jesucristo fue ya presentado claramente entre vosotros como crucificado?<\/p>\n<p>&#8230; \u00bfTan necios sois? \u00bfHabiendo comenzado por el Esp\u00edritu, ahora vais a acabar por la carne?<\/p>\n<p>\u2026Vosotros corr\u00edais bien; \u00bfqui\u00e9n os estorb\u00f3 para no obedecer a la verdad?<\/p>\n<p>\u00bfQu\u00e9 hab\u00eda sucedido?<\/p>\n<p>Los expertos religiosos hab\u00edan llegado a Galacia con un nuevo \u00e9nfasis, una nueva versi\u00f3n del Evangelio, con un matiz particular, diferente a lo que Pablo hab\u00eda ense\u00f1ado.<\/p>\n<p>Este matiz era una cuesti\u00f3n de conducta, una conducta identificada con la pr\u00e1ctica de la circuncisi\u00f3n, pero una conducta que Pablo condenaba por ser alarmantemente incompatible con el Evangelio del Cristo crucificado.<\/p>\n<p>No s\u00f3lo los cristianos de Galacia hab\u00edan sido desviados hasta negar el Evangelio por medio de su conducta; el ap\u00f3stol Pedro se vio igualmente afectado, como nos dice Pablo en G\u00e1latas 2:11-16:<\/p>\n<p>Pero cuando Pedro vino a Antioqu\u00eda, le resist\u00ed cara a cara, porque era de condenar.<\/p>\n<p><strong>Pues antes que viniesen algunos de parte de Jacobo, com\u00eda con los gentiles; pero despu\u00e9s que vinieron, se retra\u00eda y se apartaba, porque ten\u00eda miedo de los de la circuncisi\u00f3n.<\/strong><\/p>\n<p><strong>Y en su simulaci\u00f3n participaban tambi\u00e9n los otros jud\u00edos, de tal manera que aun Bernab\u00e9 fue tambi\u00e9n arrastrado por la hipocres\u00eda de ellos.<\/strong><\/p>\n<p>Pero cuando vi que&nbsp;<strong>no andaban rectamente conforme a la verdad del evangelio<\/strong>, dije a Pedro delante de todos:<\/p>\n<p><em><strong>Si t\u00fa, siendo jud\u00edo, vives como los gentiles y no como jud\u00edo, \u00bfpor qu\u00e9 obligas a los gentiles a judaizar?<\/strong><\/em><\/p>\n<p><em><strong>Nosotros, jud\u00edos de nacimiento, y no pecadores de entre los gentiles, sabiendo que el hombre no es justificado por las obras de la ley, sino por la fe de Jesucristo<\/strong>, nosotros tambi\u00e9n hemos cre\u00eddo en Jesucristo, para ser justificados por la fe de Cristo y no por las obras de la ley, por cuanto&nbsp;<strong>por las obras de la ley nadie ser\u00e1 justificado.<\/strong><\/em><\/p>\n<p><em>La&nbsp;<strong>conducta<\/strong>&nbsp;de Pedro&nbsp;<strong>negaba<\/strong>&nbsp;una doctrina fundamental del Evangelio: la doctrina de la justificaci\u00f3n. (\u00bfQui\u00e9n habr\u00eda esperado tal cosa de un ap\u00f3stol?)<\/em><\/p>\n<p>Pedro no hab\u00eda atado cabos entre sus acciones y las implicaciones de estas. Hab\u00eda permitido que la presencia, la influencia y la presi\u00f3n de las \u00abcelebridades\u00bb de su \u00e9poca nublaran su entendimiento y lo intimidaran, hasta el punto de apartarse de los creyentes gentiles.<\/p>\n<p>No se dio cuenta de que, al&nbsp;<strong>participar con<\/strong>&nbsp;un grupo marcado por ciertas&nbsp;<strong>pr\u00e1cticas<\/strong>&nbsp;religiosas (<em>los de la circuncisi\u00f3n<\/em>), se estaba&nbsp;<strong>apartando de<\/strong>&nbsp;una&nbsp;<strong>doctrina<\/strong>&nbsp;fundamental del Evangelio: la justificaci\u00f3n solamente por la fe, no por las obras.<\/p>\n<p>El texto nos dice que \u00e9l&nbsp;<em>ten\u00eda miedo de los de la circuncisi\u00f3n<\/em>&nbsp;lo que parece ser el motivo de su alejamiento de los identificados como&nbsp;<em>gentiles<\/em>.<\/p>\n<p>Quiz\u00e1s le preocupaba que si no estaba de acuerdo con los de la circuncisi\u00f3n pudiera cerr\u00e1rsele una puerta al ministerio (o perder influencia). Despu\u00e9s de todo, incluso el propio Pablo hab\u00eda reconocido (como leemos en G\u00e1latas 2:7) que Dios le hab\u00eda dado a Pedro un ministerio para llevar el evangelio a los de la circuncisi\u00f3n (los jud\u00edos), as\u00ed como hab\u00eda enviado a Pablo a los gentiles.<\/p>\n<p>Por lo que sabemos, Pedro no predicaba un evangelio de la circuncisi\u00f3n. Sin embargo, en la pr\u00e1ctica, se asociaba p\u00fablicamente con personas cuya conducta promov\u00eda este evangelio diferente. Al asociarse p\u00fablicamente con ellos, negaba una verdad fundamental del Evangelio.<\/p>\n<p>Por muy buenas que fueran sus intenciones, en lugar de influir en&nbsp;<strong>ellos<\/strong>&nbsp;con el Evangelio, estaba permitiendo que&nbsp;<strong>ellos<\/strong>&nbsp;influyeran en&nbsp;<strong>\u00e9l<\/strong>&nbsp;y en su conducta. Peor a\u00fan, les estaba ayudando y colaborando en su influencia perjudicial sobre los dem\u00e1s: su participaci\u00f3n p\u00fablica con ellos serv\u00eda como una ratificaci\u00f3n impl\u00edcita a su falso evangelio y conducta.<\/p>\n<p>La elecci\u00f3n de Pedro de sus compa\u00f1eros de mesa pod\u00eda parecer f\u00e1cilmente una cuesti\u00f3n secundaria para \u00e9l. Sin embargo, Pablo vio lo que Pedro hab\u00eda pasado por alto: las implicaciones de la conducta de Pedro no eran menores: negaban la justificaci\u00f3n s\u00f3lo por la fe.<\/p>\n<p>Agobiado por esta preocupaci\u00f3n debido a la conexi\u00f3n inevitable entre el Evangelio y una conducta apropiada, Pablo aparentemente se dio cuenta de que su silencio pudiera implicar su consentimiento. Seg\u00fan su propio testimonio, reprendi\u00f3 a Pedro de inmediato, e incluso p\u00fablicamente (delante de todos, G\u00e1latas 2:14).<\/p>\n<p>Pablo pudo haber corrido el riesgo de ser malinterpretado, denunciado y marginado, como alguien que perturbaba y se opon\u00eda a la unidad, la paz y el avance de la iglesia. A pesar de este riesgo, guiado por el amor al Se\u00f1or y a Pedro, Pablo actu\u00f3 con Pedro como Nat\u00e1n hab\u00eda actuado con David. Llam\u00f3 a Pedro a una reforma b\u00edblica: un cambio de conducta, un retorno a los caminos b\u00edblicos.<\/p>\n<p>La fidelidad de Pablo hacia Pedro en este aspecto qued\u00f3 registrada en las Escrituras y fue uno de los medios que Dios us\u00f3 para que pudi\u00e9semos hoy, dos milenios m\u00e1s tarde, comprender una verdad fundamental del Evangelio, proclamarla con precisi\u00f3n y vivir de acuerdo con ella.<\/p>\n<p>Si un ap\u00f3stol, en un momento de debilidad, pudo ser enga\u00f1ado para llegar a negar una verdad fundamental del Evangelio por su conducta, \u00bfqui\u00e9nes somos nosotros para suponer que, como pastores, miembros de la iglesia e individuos, no podemos ser enga\u00f1ados?<\/p>\n<p>En el siglo XXI, seguimos corriendo el peligro de negar y socavar la verdad, no s\u00f3lo por lo que decimos o predicamos, sino por lo que hacemos y por las pr\u00e1cticas que parecemos aceptar. Es f\u00e1cil perder de vista la conexi\u00f3n inevitable entre la verdad y la conducta. Entre las poderosas fuentes de distracci\u00f3n se encuentran nuestras propias buenas intenciones, nuestra falta de discernimiento, la presi\u00f3n de nuestros amigos, nuestra corrupci\u00f3n remanente, el temor natural al hombre o el miedo a perder influencia.<\/p>\n<p>Sin embargo, por nuestras pr\u00e1cticas en asuntos aparentemente menores, e incluso por nuestra comuni\u00f3n con otras personas involucradas en pr\u00e1cticas que pueden parecer insignificantes, podemos estar negando las mismas doctrinas que buscamos promover, incluso la justificaci\u00f3n s\u00f3lo por la fe, la gloria s\u00f3lo a Dios, o algunas de las otras doctrinas clave redescubiertas en la Reforma del siglo XVI.<\/p>\n<p>\u00a1Cu\u00e1n necesario es que busquemos continuamente examinar nuestros corazones, nuestras conversaciones y nuestras pr\u00e1cticas a la luz de las Escrituras, para ver si nos hemos desviado, o si estamos a punto de desviarnos, de la verdad!<\/p>\t\t\t\t\t\t\t\t<\/div>\n\t\t\t\t\t<\/div>\n\t\t\t\t<\/div>\n\t\t\t\t<\/div>\n\t\t","protected":false},"excerpt":{"rendered":"<p>La reforma b\u00edblica se extiende a la conducta. Ciertamente, como individuos y como iglesias, debemos examinar continuamente lo que creemos y declaramos (p\u00fablicamente y en privado, cuando hablamos, escribimos y cantamos) comparando todo con el est\u00e1ndar que nos da la Palabra de Dios, para asegurarnos de que nuestras creencias y declaraciones est\u00e9n en conformidad con la verdad revelada por Dios. Sin embargo, la reforma b\u00edblica es incompleta si solamente produce creencias y declaraciones correctas, incluso cuando estas surgen de corazones sinceros, puros y bien intencionados. Si creemos sinceramente en la verdad b\u00edblica que declaramos, esta verdad debe gobernar inevitablemente nuestra conducta, nuestros h\u00e1bitos y nuestras pr\u00e1cticas. La carta de Pablo a la iglesia en Galacia nos ofrece un ejemplo llamativo de esto. En G\u00e1latas 1:6-7, el ap\u00f3stol reprende duramente a los g\u00e1latas por haber cambiado su \u00abevangelio\u00bb. Estoy maravillado de que tan pronto os hay\u00e1is alejado del que os llam\u00f3 por la gracia de Cristo, para seguir un evangelio diferente. No que haya otro, sino que hay algunos que os perturban y quieren&nbsp;pervertir el evangelio&nbsp;de Cristo. En G\u00e1latas 3:1, 3 y 5:7-8, vemos que su perversi\u00f3n de la verdad era una cuesti\u00f3n de conducta, de pr\u00e1ctica, una cuesti\u00f3n de desobedecer a la verdad. \u00a1Oh g\u00e1latas insensatos! \u00bfqui\u00e9n os fascin\u00f3 para&nbsp;no obedecer&nbsp;a la verdad, a vosotros ante cuyos ojos Jesucristo fue ya presentado claramente entre vosotros como crucificado? &#8230; \u00bfTan necios sois? \u00bfHabiendo comenzado por el Esp\u00edritu, ahora vais a acabar por la carne? \u2026Vosotros corr\u00edais bien; \u00bfqui\u00e9n os estorb\u00f3 para no obedecer a la verdad? \u00bfQu\u00e9 hab\u00eda sucedido? Los expertos religiosos hab\u00edan llegado a Galacia con un nuevo \u00e9nfasis, una nueva versi\u00f3n del Evangelio, con un matiz particular, diferente a lo que Pablo hab\u00eda ense\u00f1ado. Este matiz era una cuesti\u00f3n de conducta, una conducta identificada con la pr\u00e1ctica de la circuncisi\u00f3n, pero una conducta que Pablo condenaba por ser alarmantemente incompatible con el Evangelio del Cristo crucificado. No s\u00f3lo los cristianos de Galacia hab\u00edan sido desviados hasta negar el Evangelio por medio de su conducta; el ap\u00f3stol Pedro se vio igualmente afectado, como nos dice Pablo en G\u00e1latas 2:11-16: Pero cuando Pedro vino a Antioqu\u00eda, le resist\u00ed cara a cara, porque era de condenar. Pues antes que viniesen algunos de parte de Jacobo, com\u00eda con los gentiles; pero despu\u00e9s que vinieron, se retra\u00eda y se apartaba, porque ten\u00eda miedo de los de la circuncisi\u00f3n. Y en su simulaci\u00f3n participaban tambi\u00e9n los otros jud\u00edos, de tal manera que aun Bernab\u00e9 fue tambi\u00e9n arrastrado por la hipocres\u00eda de ellos. Pero cuando vi que&nbsp;no andaban rectamente conforme a la verdad del evangelio, dije a Pedro delante de todos: Si t\u00fa, siendo jud\u00edo, vives como los gentiles y no como jud\u00edo, \u00bfpor qu\u00e9 obligas a los gentiles a judaizar? Nosotros, jud\u00edos de nacimiento, y no pecadores de entre los gentiles, sabiendo que el hombre no es justificado por las obras de la ley, sino por la fe de Jesucristo, nosotros tambi\u00e9n hemos cre\u00eddo en Jesucristo, para ser justificados por la fe de Cristo y no por las obras de la ley, por cuanto&nbsp;por las obras de la ley nadie ser\u00e1 justificado. La&nbsp;conducta&nbsp;de Pedro&nbsp;negaba&nbsp;una doctrina fundamental del Evangelio: la doctrina de la justificaci\u00f3n. (\u00bfQui\u00e9n habr\u00eda esperado tal cosa de un ap\u00f3stol?) Pedro no hab\u00eda atado cabos entre sus acciones y las implicaciones de estas. Hab\u00eda permitido que la presencia, la influencia y la presi\u00f3n de las \u00abcelebridades\u00bb de su \u00e9poca nublaran su entendimiento y lo intimidaran, hasta el punto de apartarse de los creyentes gentiles. No se dio cuenta de que, al&nbsp;participar con&nbsp;un grupo marcado por ciertas&nbsp;pr\u00e1cticas&nbsp;religiosas (los de la circuncisi\u00f3n), se estaba&nbsp;apartando de&nbsp;una&nbsp;doctrina&nbsp;fundamental del Evangelio: la justificaci\u00f3n solamente por la fe, no por las obras. El texto nos dice que \u00e9l&nbsp;ten\u00eda miedo de los de la circuncisi\u00f3n&nbsp;lo que parece ser el motivo de su alejamiento de los identificados como&nbsp;gentiles. Quiz\u00e1s le preocupaba que si no estaba de acuerdo con los de la circuncisi\u00f3n pudiera cerr\u00e1rsele una puerta al ministerio (o perder influencia). Despu\u00e9s de todo, incluso el propio Pablo hab\u00eda reconocido (como leemos en G\u00e1latas 2:7) que Dios le hab\u00eda dado a Pedro un ministerio para llevar el evangelio a los de la circuncisi\u00f3n (los jud\u00edos), as\u00ed como hab\u00eda enviado a Pablo a los gentiles. Por lo que sabemos, Pedro no predicaba un evangelio de la circuncisi\u00f3n. Sin embargo, en la pr\u00e1ctica, se asociaba p\u00fablicamente con personas cuya conducta promov\u00eda este evangelio diferente. Al asociarse p\u00fablicamente con ellos, negaba una verdad fundamental del Evangelio. Por muy buenas que fueran sus intenciones, en lugar de influir en&nbsp;ellos&nbsp;con el Evangelio, estaba permitiendo que&nbsp;ellos&nbsp;influyeran en&nbsp;\u00e9l&nbsp;y en su conducta. Peor a\u00fan, les estaba ayudando y colaborando en su influencia perjudicial sobre los dem\u00e1s: su participaci\u00f3n p\u00fablica con ellos serv\u00eda como una ratificaci\u00f3n impl\u00edcita a su falso evangelio y conducta. La elecci\u00f3n de Pedro de sus compa\u00f1eros de mesa pod\u00eda parecer f\u00e1cilmente una cuesti\u00f3n secundaria para \u00e9l. Sin embargo, Pablo vio lo que Pedro hab\u00eda pasado por alto: las implicaciones de la conducta de Pedro no eran menores: negaban la justificaci\u00f3n s\u00f3lo por la fe. Agobiado por esta preocupaci\u00f3n debido a la conexi\u00f3n inevitable entre el Evangelio y una conducta apropiada, Pablo aparentemente se dio cuenta de que su silencio pudiera implicar su consentimiento. Seg\u00fan su propio testimonio, reprendi\u00f3 a Pedro de inmediato, e incluso p\u00fablicamente (delante de todos, G\u00e1latas 2:14). Pablo pudo haber corrido el riesgo de ser malinterpretado, denunciado y marginado, como alguien que perturbaba y se opon\u00eda a la unidad, la paz y el avance de la iglesia. A pesar de este riesgo, guiado por el amor al Se\u00f1or y a Pedro, Pablo actu\u00f3 con Pedro como Nat\u00e1n hab\u00eda actuado con David. Llam\u00f3 a Pedro a una reforma b\u00edblica: un cambio de conducta, un retorno a los caminos b\u00edblicos. La fidelidad de Pablo hacia Pedro en este aspecto qued\u00f3 registrada en las Escrituras y fue uno de los medios que Dios us\u00f3 para que pudi\u00e9semos hoy, dos milenios m\u00e1s tarde, comprender una verdad fundamental del Evangelio, proclamarla con precisi\u00f3n y vivir de acuerdo con ella.<\/p>\n","protected":false},"author":1,"featured_media":0,"comment_status":"closed","ping_status":"closed","sticky":false,"template":"","format":"standard","meta":{"footnotes":""},"categories":[84],"tags":[],"class_list":["post-8730","post","type-post","status-publish","format-standard","hentry","category-teologia-pastoral"],"yoast_head":"<!-- This site is optimized with the Yoast SEO plugin v27.5 - https:\/\/yoast.com\/product\/yoast-seo-wordpress\/ -->\n<title>\u00bfSiempre reform\u00e1ndose? II - Academia Pastoral de North Bergen<\/title>\n<meta name=\"robots\" content=\"index, follow, max-snippet:-1, max-image-preview:large, max-video-preview:-1\" \/>\n<link rel=\"canonical\" href=\"https:\/\/academiapastoralnb.org\/es\/siempre-reformandose-ii\/\" \/>\n<meta property=\"og:locale\" content=\"es_ES\" \/>\n<meta property=\"og:type\" content=\"article\" \/>\n<meta property=\"og:title\" content=\"\u00bfSiempre reform\u00e1ndose? II - Academia Pastoral de North Bergen\" \/>\n<meta property=\"og:description\" content=\"La reforma b\u00edblica se extiende a la conducta. Ciertamente, como individuos y como iglesias, debemos examinar continuamente lo que creemos y declaramos (p\u00fablicamente y en privado, cuando hablamos, escribimos y cantamos) comparando todo con el est\u00e1ndar que nos da la Palabra de Dios, para asegurarnos de que nuestras creencias y declaraciones est\u00e9n en conformidad con la verdad revelada por Dios. Sin embargo, la reforma b\u00edblica es incompleta si solamente produce creencias y declaraciones correctas, incluso cuando estas surgen de corazones sinceros, puros y bien intencionados. Si creemos sinceramente en la verdad b\u00edblica que declaramos, esta verdad debe gobernar inevitablemente nuestra conducta, nuestros h\u00e1bitos y nuestras pr\u00e1cticas. La carta de Pablo a la iglesia en Galacia nos ofrece un ejemplo llamativo de esto. En G\u00e1latas 1:6-7, el ap\u00f3stol reprende duramente a los g\u00e1latas por haber cambiado su \u00abevangelio\u00bb. Estoy maravillado de que tan pronto os hay\u00e1is alejado del que os llam\u00f3 por la gracia de Cristo, para seguir un evangelio diferente. No que haya otro, sino que hay algunos que os perturban y quieren&nbsp;pervertir el evangelio&nbsp;de Cristo. En G\u00e1latas 3:1, 3 y 5:7-8, vemos que su perversi\u00f3n de la verdad era una cuesti\u00f3n de conducta, de pr\u00e1ctica, una cuesti\u00f3n de desobedecer a la verdad. \u00a1Oh g\u00e1latas insensatos! \u00bfqui\u00e9n os fascin\u00f3 para&nbsp;no obedecer&nbsp;a la verdad, a vosotros ante cuyos ojos Jesucristo fue ya presentado claramente entre vosotros como crucificado? &#8230; \u00bfTan necios sois? \u00bfHabiendo comenzado por el Esp\u00edritu, ahora vais a acabar por la carne? \u2026Vosotros corr\u00edais bien; \u00bfqui\u00e9n os estorb\u00f3 para no obedecer a la verdad? \u00bfQu\u00e9 hab\u00eda sucedido? Los expertos religiosos hab\u00edan llegado a Galacia con un nuevo \u00e9nfasis, una nueva versi\u00f3n del Evangelio, con un matiz particular, diferente a lo que Pablo hab\u00eda ense\u00f1ado. Este matiz era una cuesti\u00f3n de conducta, una conducta identificada con la pr\u00e1ctica de la circuncisi\u00f3n, pero una conducta que Pablo condenaba por ser alarmantemente incompatible con el Evangelio del Cristo crucificado. No s\u00f3lo los cristianos de Galacia hab\u00edan sido desviados hasta negar el Evangelio por medio de su conducta; el ap\u00f3stol Pedro se vio igualmente afectado, como nos dice Pablo en G\u00e1latas 2:11-16: Pero cuando Pedro vino a Antioqu\u00eda, le resist\u00ed cara a cara, porque era de condenar. Pues antes que viniesen algunos de parte de Jacobo, com\u00eda con los gentiles; pero despu\u00e9s que vinieron, se retra\u00eda y se apartaba, porque ten\u00eda miedo de los de la circuncisi\u00f3n. Y en su simulaci\u00f3n participaban tambi\u00e9n los otros jud\u00edos, de tal manera que aun Bernab\u00e9 fue tambi\u00e9n arrastrado por la hipocres\u00eda de ellos. Pero cuando vi que&nbsp;no andaban rectamente conforme a la verdad del evangelio, dije a Pedro delante de todos: Si t\u00fa, siendo jud\u00edo, vives como los gentiles y no como jud\u00edo, \u00bfpor qu\u00e9 obligas a los gentiles a judaizar? Nosotros, jud\u00edos de nacimiento, y no pecadores de entre los gentiles, sabiendo que el hombre no es justificado por las obras de la ley, sino por la fe de Jesucristo, nosotros tambi\u00e9n hemos cre\u00eddo en Jesucristo, para ser justificados por la fe de Cristo y no por las obras de la ley, por cuanto&nbsp;por las obras de la ley nadie ser\u00e1 justificado. La&nbsp;conducta&nbsp;de Pedro&nbsp;negaba&nbsp;una doctrina fundamental del Evangelio: la doctrina de la justificaci\u00f3n. (\u00bfQui\u00e9n habr\u00eda esperado tal cosa de un ap\u00f3stol?) Pedro no hab\u00eda atado cabos entre sus acciones y las implicaciones de estas. Hab\u00eda permitido que la presencia, la influencia y la presi\u00f3n de las \u00abcelebridades\u00bb de su \u00e9poca nublaran su entendimiento y lo intimidaran, hasta el punto de apartarse de los creyentes gentiles. No se dio cuenta de que, al&nbsp;participar con&nbsp;un grupo marcado por ciertas&nbsp;pr\u00e1cticas&nbsp;religiosas (los de la circuncisi\u00f3n), se estaba&nbsp;apartando de&nbsp;una&nbsp;doctrina&nbsp;fundamental del Evangelio: la justificaci\u00f3n solamente por la fe, no por las obras. El texto nos dice que \u00e9l&nbsp;ten\u00eda miedo de los de la circuncisi\u00f3n&nbsp;lo que parece ser el motivo de su alejamiento de los identificados como&nbsp;gentiles. Quiz\u00e1s le preocupaba que si no estaba de acuerdo con los de la circuncisi\u00f3n pudiera cerr\u00e1rsele una puerta al ministerio (o perder influencia). Despu\u00e9s de todo, incluso el propio Pablo hab\u00eda reconocido (como leemos en G\u00e1latas 2:7) que Dios le hab\u00eda dado a Pedro un ministerio para llevar el evangelio a los de la circuncisi\u00f3n (los jud\u00edos), as\u00ed como hab\u00eda enviado a Pablo a los gentiles. Por lo que sabemos, Pedro no predicaba un evangelio de la circuncisi\u00f3n. Sin embargo, en la pr\u00e1ctica, se asociaba p\u00fablicamente con personas cuya conducta promov\u00eda este evangelio diferente. Al asociarse p\u00fablicamente con ellos, negaba una verdad fundamental del Evangelio. Por muy buenas que fueran sus intenciones, en lugar de influir en&nbsp;ellos&nbsp;con el Evangelio, estaba permitiendo que&nbsp;ellos&nbsp;influyeran en&nbsp;\u00e9l&nbsp;y en su conducta. Peor a\u00fan, les estaba ayudando y colaborando en su influencia perjudicial sobre los dem\u00e1s: su participaci\u00f3n p\u00fablica con ellos serv\u00eda como una ratificaci\u00f3n impl\u00edcita a su falso evangelio y conducta. La elecci\u00f3n de Pedro de sus compa\u00f1eros de mesa pod\u00eda parecer f\u00e1cilmente una cuesti\u00f3n secundaria para \u00e9l. Sin embargo, Pablo vio lo que Pedro hab\u00eda pasado por alto: las implicaciones de la conducta de Pedro no eran menores: negaban la justificaci\u00f3n s\u00f3lo por la fe. Agobiado por esta preocupaci\u00f3n debido a la conexi\u00f3n inevitable entre el Evangelio y una conducta apropiada, Pablo aparentemente se dio cuenta de que su silencio pudiera implicar su consentimiento. Seg\u00fan su propio testimonio, reprendi\u00f3 a Pedro de inmediato, e incluso p\u00fablicamente (delante de todos, G\u00e1latas 2:14). Pablo pudo haber corrido el riesgo de ser malinterpretado, denunciado y marginado, como alguien que perturbaba y se opon\u00eda a la unidad, la paz y el avance de la iglesia. A pesar de este riesgo, guiado por el amor al Se\u00f1or y a Pedro, Pablo actu\u00f3 con Pedro como Nat\u00e1n hab\u00eda actuado con David. Llam\u00f3 a Pedro a una reforma b\u00edblica: un cambio de conducta, un retorno a los caminos b\u00edblicos. La fidelidad de Pablo hacia Pedro en este aspecto qued\u00f3 registrada en las Escrituras y fue uno de los medios que Dios us\u00f3 para que pudi\u00e9semos hoy, dos milenios m\u00e1s tarde, comprender una verdad fundamental del Evangelio, proclamarla con precisi\u00f3n y vivir de acuerdo con ella.\" \/>\n<meta property=\"og:url\" content=\"https:\/\/academiapastoralnb.org\/es\/siempre-reformandose-ii\/\" \/>\n<meta property=\"og:site_name\" content=\"Academia Pastoral de North Bergen\" \/>\n<meta property=\"article:published_time\" content=\"2025-12-10T23:39:06+00:00\" \/>\n<meta property=\"article:modified_time\" content=\"2025-12-11T05:57:23+00:00\" \/>\n<meta property=\"og:image\" content=\"https:\/\/academiapastoralnb.org\/wp-content\/uploads\/2025\/12\/mDoner-7-300x300.jpg\" \/>\n<meta name=\"author\" content=\"pcweb\" \/>\n<meta name=\"twitter:card\" content=\"summary_large_image\" \/>\n<meta name=\"twitter:label1\" content=\"Escrito por\" \/>\n\t<meta name=\"twitter:data1\" content=\"pcweb\" \/>\n\t<meta name=\"twitter:label2\" content=\"Tiempo de lectura\" \/>\n\t<meta name=\"twitter:data2\" content=\"6 minutos\" \/>\n<script type=\"application\/ld+json\" class=\"yoast-schema-graph\">{\"@context\":\"https:\\\/\\\/schema.org\",\"@graph\":[{\"@type\":\"Article\",\"@id\":\"https:\\\/\\\/academiapastoralnb.org\\\/siempre-reformandose-ii\\\/#article\",\"isPartOf\":{\"@id\":\"https:\\\/\\\/academiapastoralnb.org\\\/siempre-reformandose-ii\\\/\"},\"author\":{\"name\":\"pcweb\",\"@id\":\"https:\\\/\\\/academiapastoralnb.org\\\/#\\\/schema\\\/person\\\/1fa08d1a2356bce7d1b7b282b76630f2\"},\"headline\":\"\u00bfSiempre reform\u00e1ndose? II\",\"datePublished\":\"2025-12-10T23:39:06+00:00\",\"dateModified\":\"2025-12-11T05:57:23+00:00\",\"mainEntityOfPage\":{\"@id\":\"https:\\\/\\\/academiapastoralnb.org\\\/siempre-reformandose-ii\\\/\"},\"wordCount\":1396,\"image\":{\"@id\":\"https:\\\/\\\/academiapastoralnb.org\\\/siempre-reformandose-ii\\\/#primaryimage\"},\"thumbnailUrl\":\"https:\\\/\\\/academiapastoralnb.org\\\/wp-content\\\/uploads\\\/2025\\\/12\\\/mDoner-7-300x300.jpg\",\"articleSection\":[\"Teolog\u00eda Pastoral\"],\"inLanguage\":\"es\"},{\"@type\":\"WebPage\",\"@id\":\"https:\\\/\\\/academiapastoralnb.org\\\/siempre-reformandose-ii\\\/\",\"url\":\"https:\\\/\\\/academiapastoralnb.org\\\/siempre-reformandose-ii\\\/\",\"name\":\"\u00bfSiempre reform\u00e1ndose? II - Academia Pastoral de North Bergen\",\"isPartOf\":{\"@id\":\"https:\\\/\\\/academiapastoralnb.org\\\/#website\"},\"primaryImageOfPage\":{\"@id\":\"https:\\\/\\\/academiapastoralnb.org\\\/siempre-reformandose-ii\\\/#primaryimage\"},\"image\":{\"@id\":\"https:\\\/\\\/academiapastoralnb.org\\\/siempre-reformandose-ii\\\/#primaryimage\"},\"thumbnailUrl\":\"https:\\\/\\\/academiapastoralnb.org\\\/wp-content\\\/uploads\\\/2025\\\/12\\\/mDoner-7-300x300.jpg\",\"datePublished\":\"2025-12-10T23:39:06+00:00\",\"dateModified\":\"2025-12-11T05:57:23+00:00\",\"author\":{\"@id\":\"https:\\\/\\\/academiapastoralnb.org\\\/#\\\/schema\\\/person\\\/1fa08d1a2356bce7d1b7b282b76630f2\"},\"breadcrumb\":{\"@id\":\"https:\\\/\\\/academiapastoralnb.org\\\/siempre-reformandose-ii\\\/#breadcrumb\"},\"inLanguage\":\"es\",\"potentialAction\":[{\"@type\":\"ReadAction\",\"target\":[\"https:\\\/\\\/academiapastoralnb.org\\\/siempre-reformandose-ii\\\/\"]}]},{\"@type\":\"ImageObject\",\"inLanguage\":\"es\",\"@id\":\"https:\\\/\\\/academiapastoralnb.org\\\/siempre-reformandose-ii\\\/#primaryimage\",\"url\":\"https:\\\/\\\/academiapastoralnb.org\\\/wp-content\\\/uploads\\\/2025\\\/12\\\/mDoner-7-300x300.jpg\",\"contentUrl\":\"https:\\\/\\\/academiapastoralnb.org\\\/wp-content\\\/uploads\\\/2025\\\/12\\\/mDoner-7-300x300.jpg\"},{\"@type\":\"BreadcrumbList\",\"@id\":\"https:\\\/\\\/academiapastoralnb.org\\\/siempre-reformandose-ii\\\/#breadcrumb\",\"itemListElement\":[{\"@type\":\"ListItem\",\"position\":1,\"name\":\"Home\",\"item\":\"https:\\\/\\\/academiapastoralnb.org\\\/\"},{\"@type\":\"ListItem\",\"position\":2,\"name\":\"\u00bfSiempre reform\u00e1ndose? II\"}]},{\"@type\":\"WebSite\",\"@id\":\"https:\\\/\\\/academiapastoralnb.org\\\/#website\",\"url\":\"https:\\\/\\\/academiapastoralnb.org\\\/\",\"name\":\"Academia Pastoral de North Bergen\",\"description\":\"Formaci\u00f3n B\u00edblica y Pastoral: para servir a Dios y a su iglesia\",\"potentialAction\":[{\"@type\":\"SearchAction\",\"target\":{\"@type\":\"EntryPoint\",\"urlTemplate\":\"https:\\\/\\\/academiapastoralnb.org\\\/?s={search_term_string}\"},\"query-input\":{\"@type\":\"PropertyValueSpecification\",\"valueRequired\":true,\"valueName\":\"search_term_string\"}}],\"inLanguage\":\"es\"},{\"@type\":\"Person\",\"@id\":\"https:\\\/\\\/academiapastoralnb.org\\\/#\\\/schema\\\/person\\\/1fa08d1a2356bce7d1b7b282b76630f2\",\"name\":\"pcweb\",\"image\":{\"@type\":\"ImageObject\",\"inLanguage\":\"es\",\"@id\":\"https:\\\/\\\/secure.gravatar.com\\\/avatar\\\/0eefe9b25acee8b9d06292a9eafd6eb119d327efdfffc8b1462a6a2d28bd72a0?s=96&d=mm&r=g\",\"url\":\"https:\\\/\\\/secure.gravatar.com\\\/avatar\\\/0eefe9b25acee8b9d06292a9eafd6eb119d327efdfffc8b1462a6a2d28bd72a0?s=96&d=mm&r=g\",\"contentUrl\":\"https:\\\/\\\/secure.gravatar.com\\\/avatar\\\/0eefe9b25acee8b9d06292a9eafd6eb119d327efdfffc8b1462a6a2d28bd72a0?s=96&d=mm&r=g\",\"caption\":\"pcweb\"},\"sameAs\":[\"https:\\\/\\\/academiapastoralnb.org\"],\"url\":\"https:\\\/\\\/academiapastoralnb.org\\\/es\\\/author\\\/pcweb\\\/\"}]}<\/script>\n<!-- \/ Yoast SEO plugin. -->","yoast_head_json":{"title":"\u00bfSiempre reform\u00e1ndose? II - Academia Pastoral de North Bergen","robots":{"index":"index","follow":"follow","max-snippet":"max-snippet:-1","max-image-preview":"max-image-preview:large","max-video-preview":"max-video-preview:-1"},"canonical":"https:\/\/academiapastoralnb.org\/es\/siempre-reformandose-ii\/","og_locale":"es_ES","og_type":"article","og_title":"\u00bfSiempre reform\u00e1ndose? II - Academia Pastoral de North Bergen","og_description":"La reforma b\u00edblica se extiende a la conducta. Ciertamente, como individuos y como iglesias, debemos examinar continuamente lo que creemos y declaramos (p\u00fablicamente y en privado, cuando hablamos, escribimos y cantamos) comparando todo con el est\u00e1ndar que nos da la Palabra de Dios, para asegurarnos de que nuestras creencias y declaraciones est\u00e9n en conformidad con la verdad revelada por Dios. Sin embargo, la reforma b\u00edblica es incompleta si solamente produce creencias y declaraciones correctas, incluso cuando estas surgen de corazones sinceros, puros y bien intencionados. Si creemos sinceramente en la verdad b\u00edblica que declaramos, esta verdad debe gobernar inevitablemente nuestra conducta, nuestros h\u00e1bitos y nuestras pr\u00e1cticas. La carta de Pablo a la iglesia en Galacia nos ofrece un ejemplo llamativo de esto. En G\u00e1latas 1:6-7, el ap\u00f3stol reprende duramente a los g\u00e1latas por haber cambiado su \u00abevangelio\u00bb. Estoy maravillado de que tan pronto os hay\u00e1is alejado del que os llam\u00f3 por la gracia de Cristo, para seguir un evangelio diferente. No que haya otro, sino que hay algunos que os perturban y quieren&nbsp;pervertir el evangelio&nbsp;de Cristo. En G\u00e1latas 3:1, 3 y 5:7-8, vemos que su perversi\u00f3n de la verdad era una cuesti\u00f3n de conducta, de pr\u00e1ctica, una cuesti\u00f3n de desobedecer a la verdad. \u00a1Oh g\u00e1latas insensatos! \u00bfqui\u00e9n os fascin\u00f3 para&nbsp;no obedecer&nbsp;a la verdad, a vosotros ante cuyos ojos Jesucristo fue ya presentado claramente entre vosotros como crucificado? &#8230; \u00bfTan necios sois? \u00bfHabiendo comenzado por el Esp\u00edritu, ahora vais a acabar por la carne? \u2026Vosotros corr\u00edais bien; \u00bfqui\u00e9n os estorb\u00f3 para no obedecer a la verdad? \u00bfQu\u00e9 hab\u00eda sucedido? Los expertos religiosos hab\u00edan llegado a Galacia con un nuevo \u00e9nfasis, una nueva versi\u00f3n del Evangelio, con un matiz particular, diferente a lo que Pablo hab\u00eda ense\u00f1ado. Este matiz era una cuesti\u00f3n de conducta, una conducta identificada con la pr\u00e1ctica de la circuncisi\u00f3n, pero una conducta que Pablo condenaba por ser alarmantemente incompatible con el Evangelio del Cristo crucificado. No s\u00f3lo los cristianos de Galacia hab\u00edan sido desviados hasta negar el Evangelio por medio de su conducta; el ap\u00f3stol Pedro se vio igualmente afectado, como nos dice Pablo en G\u00e1latas 2:11-16: Pero cuando Pedro vino a Antioqu\u00eda, le resist\u00ed cara a cara, porque era de condenar. Pues antes que viniesen algunos de parte de Jacobo, com\u00eda con los gentiles; pero despu\u00e9s que vinieron, se retra\u00eda y se apartaba, porque ten\u00eda miedo de los de la circuncisi\u00f3n. Y en su simulaci\u00f3n participaban tambi\u00e9n los otros jud\u00edos, de tal manera que aun Bernab\u00e9 fue tambi\u00e9n arrastrado por la hipocres\u00eda de ellos. Pero cuando vi que&nbsp;no andaban rectamente conforme a la verdad del evangelio, dije a Pedro delante de todos: Si t\u00fa, siendo jud\u00edo, vives como los gentiles y no como jud\u00edo, \u00bfpor qu\u00e9 obligas a los gentiles a judaizar? Nosotros, jud\u00edos de nacimiento, y no pecadores de entre los gentiles, sabiendo que el hombre no es justificado por las obras de la ley, sino por la fe de Jesucristo, nosotros tambi\u00e9n hemos cre\u00eddo en Jesucristo, para ser justificados por la fe de Cristo y no por las obras de la ley, por cuanto&nbsp;por las obras de la ley nadie ser\u00e1 justificado. La&nbsp;conducta&nbsp;de Pedro&nbsp;negaba&nbsp;una doctrina fundamental del Evangelio: la doctrina de la justificaci\u00f3n. (\u00bfQui\u00e9n habr\u00eda esperado tal cosa de un ap\u00f3stol?) Pedro no hab\u00eda atado cabos entre sus acciones y las implicaciones de estas. Hab\u00eda permitido que la presencia, la influencia y la presi\u00f3n de las \u00abcelebridades\u00bb de su \u00e9poca nublaran su entendimiento y lo intimidaran, hasta el punto de apartarse de los creyentes gentiles. No se dio cuenta de que, al&nbsp;participar con&nbsp;un grupo marcado por ciertas&nbsp;pr\u00e1cticas&nbsp;religiosas (los de la circuncisi\u00f3n), se estaba&nbsp;apartando de&nbsp;una&nbsp;doctrina&nbsp;fundamental del Evangelio: la justificaci\u00f3n solamente por la fe, no por las obras. El texto nos dice que \u00e9l&nbsp;ten\u00eda miedo de los de la circuncisi\u00f3n&nbsp;lo que parece ser el motivo de su alejamiento de los identificados como&nbsp;gentiles. Quiz\u00e1s le preocupaba que si no estaba de acuerdo con los de la circuncisi\u00f3n pudiera cerr\u00e1rsele una puerta al ministerio (o perder influencia). Despu\u00e9s de todo, incluso el propio Pablo hab\u00eda reconocido (como leemos en G\u00e1latas 2:7) que Dios le hab\u00eda dado a Pedro un ministerio para llevar el evangelio a los de la circuncisi\u00f3n (los jud\u00edos), as\u00ed como hab\u00eda enviado a Pablo a los gentiles. Por lo que sabemos, Pedro no predicaba un evangelio de la circuncisi\u00f3n. Sin embargo, en la pr\u00e1ctica, se asociaba p\u00fablicamente con personas cuya conducta promov\u00eda este evangelio diferente. Al asociarse p\u00fablicamente con ellos, negaba una verdad fundamental del Evangelio. Por muy buenas que fueran sus intenciones, en lugar de influir en&nbsp;ellos&nbsp;con el Evangelio, estaba permitiendo que&nbsp;ellos&nbsp;influyeran en&nbsp;\u00e9l&nbsp;y en su conducta. Peor a\u00fan, les estaba ayudando y colaborando en su influencia perjudicial sobre los dem\u00e1s: su participaci\u00f3n p\u00fablica con ellos serv\u00eda como una ratificaci\u00f3n impl\u00edcita a su falso evangelio y conducta. La elecci\u00f3n de Pedro de sus compa\u00f1eros de mesa pod\u00eda parecer f\u00e1cilmente una cuesti\u00f3n secundaria para \u00e9l. Sin embargo, Pablo vio lo que Pedro hab\u00eda pasado por alto: las implicaciones de la conducta de Pedro no eran menores: negaban la justificaci\u00f3n s\u00f3lo por la fe. Agobiado por esta preocupaci\u00f3n debido a la conexi\u00f3n inevitable entre el Evangelio y una conducta apropiada, Pablo aparentemente se dio cuenta de que su silencio pudiera implicar su consentimiento. Seg\u00fan su propio testimonio, reprendi\u00f3 a Pedro de inmediato, e incluso p\u00fablicamente (delante de todos, G\u00e1latas 2:14). Pablo pudo haber corrido el riesgo de ser malinterpretado, denunciado y marginado, como alguien que perturbaba y se opon\u00eda a la unidad, la paz y el avance de la iglesia. A pesar de este riesgo, guiado por el amor al Se\u00f1or y a Pedro, Pablo actu\u00f3 con Pedro como Nat\u00e1n hab\u00eda actuado con David. Llam\u00f3 a Pedro a una reforma b\u00edblica: un cambio de conducta, un retorno a los caminos b\u00edblicos. La fidelidad de Pablo hacia Pedro en este aspecto qued\u00f3 registrada en las Escrituras y fue uno de los medios que Dios us\u00f3 para que pudi\u00e9semos hoy, dos milenios m\u00e1s tarde, comprender una verdad fundamental del Evangelio, proclamarla con precisi\u00f3n y vivir de acuerdo con ella.","og_url":"https:\/\/academiapastoralnb.org\/es\/siempre-reformandose-ii\/","og_site_name":"Academia Pastoral de North Bergen","article_published_time":"2025-12-10T23:39:06+00:00","article_modified_time":"2025-12-11T05:57:23+00:00","og_image":[{"url":"https:\/\/academiapastoralnb.org\/wp-content\/uploads\/2025\/12\/mDoner-7-300x300.jpg","type":"","width":"","height":""}],"author":"pcweb","twitter_card":"summary_large_image","twitter_misc":{"Escrito por":"pcweb","Tiempo de lectura":"6 minutos"},"schema":{"@context":"https:\/\/schema.org","@graph":[{"@type":"Article","@id":"https:\/\/academiapastoralnb.org\/siempre-reformandose-ii\/#article","isPartOf":{"@id":"https:\/\/academiapastoralnb.org\/siempre-reformandose-ii\/"},"author":{"name":"pcweb","@id":"https:\/\/academiapastoralnb.org\/#\/schema\/person\/1fa08d1a2356bce7d1b7b282b76630f2"},"headline":"\u00bfSiempre reform\u00e1ndose? II","datePublished":"2025-12-10T23:39:06+00:00","dateModified":"2025-12-11T05:57:23+00:00","mainEntityOfPage":{"@id":"https:\/\/academiapastoralnb.org\/siempre-reformandose-ii\/"},"wordCount":1396,"image":{"@id":"https:\/\/academiapastoralnb.org\/siempre-reformandose-ii\/#primaryimage"},"thumbnailUrl":"https:\/\/academiapastoralnb.org\/wp-content\/uploads\/2025\/12\/mDoner-7-300x300.jpg","articleSection":["Teolog\u00eda Pastoral"],"inLanguage":"es"},{"@type":"WebPage","@id":"https:\/\/academiapastoralnb.org\/siempre-reformandose-ii\/","url":"https:\/\/academiapastoralnb.org\/siempre-reformandose-ii\/","name":"\u00bfSiempre reform\u00e1ndose? II - Academia Pastoral de North Bergen","isPartOf":{"@id":"https:\/\/academiapastoralnb.org\/#website"},"primaryImageOfPage":{"@id":"https:\/\/academiapastoralnb.org\/siempre-reformandose-ii\/#primaryimage"},"image":{"@id":"https:\/\/academiapastoralnb.org\/siempre-reformandose-ii\/#primaryimage"},"thumbnailUrl":"https:\/\/academiapastoralnb.org\/wp-content\/uploads\/2025\/12\/mDoner-7-300x300.jpg","datePublished":"2025-12-10T23:39:06+00:00","dateModified":"2025-12-11T05:57:23+00:00","author":{"@id":"https:\/\/academiapastoralnb.org\/#\/schema\/person\/1fa08d1a2356bce7d1b7b282b76630f2"},"breadcrumb":{"@id":"https:\/\/academiapastoralnb.org\/siempre-reformandose-ii\/#breadcrumb"},"inLanguage":"es","potentialAction":[{"@type":"ReadAction","target":["https:\/\/academiapastoralnb.org\/siempre-reformandose-ii\/"]}]},{"@type":"ImageObject","inLanguage":"es","@id":"https:\/\/academiapastoralnb.org\/siempre-reformandose-ii\/#primaryimage","url":"https:\/\/academiapastoralnb.org\/wp-content\/uploads\/2025\/12\/mDoner-7-300x300.jpg","contentUrl":"https:\/\/academiapastoralnb.org\/wp-content\/uploads\/2025\/12\/mDoner-7-300x300.jpg"},{"@type":"BreadcrumbList","@id":"https:\/\/academiapastoralnb.org\/siempre-reformandose-ii\/#breadcrumb","itemListElement":[{"@type":"ListItem","position":1,"name":"Home","item":"https:\/\/academiapastoralnb.org\/"},{"@type":"ListItem","position":2,"name":"\u00bfSiempre reform\u00e1ndose? II"}]},{"@type":"WebSite","@id":"https:\/\/academiapastoralnb.org\/#website","url":"https:\/\/academiapastoralnb.org\/","name":"Academia Pastoral de North Bergen","description":"Formaci\u00f3n B\u00edblica y Pastoral: para servir a Dios y a su iglesia","potentialAction":[{"@type":"SearchAction","target":{"@type":"EntryPoint","urlTemplate":"https:\/\/academiapastoralnb.org\/?s={search_term_string}"},"query-input":{"@type":"PropertyValueSpecification","valueRequired":true,"valueName":"search_term_string"}}],"inLanguage":"es"},{"@type":"Person","@id":"https:\/\/academiapastoralnb.org\/#\/schema\/person\/1fa08d1a2356bce7d1b7b282b76630f2","name":"pcweb","image":{"@type":"ImageObject","inLanguage":"es","@id":"https:\/\/secure.gravatar.com\/avatar\/0eefe9b25acee8b9d06292a9eafd6eb119d327efdfffc8b1462a6a2d28bd72a0?s=96&d=mm&r=g","url":"https:\/\/secure.gravatar.com\/avatar\/0eefe9b25acee8b9d06292a9eafd6eb119d327efdfffc8b1462a6a2d28bd72a0?s=96&d=mm&r=g","contentUrl":"https:\/\/secure.gravatar.com\/avatar\/0eefe9b25acee8b9d06292a9eafd6eb119d327efdfffc8b1462a6a2d28bd72a0?s=96&d=mm&r=g","caption":"pcweb"},"sameAs":["https:\/\/academiapastoralnb.org"],"url":"https:\/\/academiapastoralnb.org\/es\/author\/pcweb\/"}]}},"_links":{"self":[{"href":"https:\/\/academiapastoralnb.org\/es\/wp-json\/wp\/v2\/posts\/8730","targetHints":{"allow":["GET"]}}],"collection":[{"href":"https:\/\/academiapastoralnb.org\/es\/wp-json\/wp\/v2\/posts"}],"about":[{"href":"https:\/\/academiapastoralnb.org\/es\/wp-json\/wp\/v2\/types\/post"}],"author":[{"embeddable":true,"href":"https:\/\/academiapastoralnb.org\/es\/wp-json\/wp\/v2\/users\/1"}],"replies":[{"embeddable":true,"href":"https:\/\/academiapastoralnb.org\/es\/wp-json\/wp\/v2\/comments?post=8730"}],"version-history":[{"count":4,"href":"https:\/\/academiapastoralnb.org\/es\/wp-json\/wp\/v2\/posts\/8730\/revisions"}],"predecessor-version":[{"id":8735,"href":"https:\/\/academiapastoralnb.org\/es\/wp-json\/wp\/v2\/posts\/8730\/revisions\/8735"}],"wp:attachment":[{"href":"https:\/\/academiapastoralnb.org\/es\/wp-json\/wp\/v2\/media?parent=8730"}],"wp:term":[{"taxonomy":"category","embeddable":true,"href":"https:\/\/academiapastoralnb.org\/es\/wp-json\/wp\/v2\/categories?post=8730"},{"taxonomy":"post_tag","embeddable":true,"href":"https:\/\/academiapastoralnb.org\/es\/wp-json\/wp\/v2\/tags?post=8730"}],"curies":[{"name":"wp","href":"https:\/\/api.w.org\/{rel}","templated":true}]}}