{"id":6231,"date":"2025-12-01T18:04:21","date_gmt":"2025-12-01T18:04:21","guid":{"rendered":"https:\/\/academiapastoralnb.org\/?p=6231"},"modified":"2025-12-10T20:57:15","modified_gmt":"2025-12-10T20:57:15","slug":"compromiso-eclesiastico-comprometido-y-el-colapso-de-la-verdad","status":"publish","type":"post","link":"https:\/\/academiapastoralnb.org\/es\/compromiso-eclesiastico-comprometido-y-el-colapso-de-la-verdad\/","title":{"rendered":"Compromiso eclesi\u00e1stico comprometido y el colapso de la verdad"},"content":{"rendered":"\t\t<div data-elementor-type=\"wp-post\" data-elementor-id=\"6231\" class=\"elementor elementor-6231\">\n\t\t\t\t<div class=\"elementor-element elementor-element-f578491 e-flex e-con-boxed wpr-particle-no wpr-jarallax-no wpr-parallax-no wpr-sticky-section-no wpr-equal-height-no e-con e-parent\" data-id=\"f578491\" data-element_type=\"container\" data-e-type=\"container\">\n\t\t\t\t\t<div class=\"e-con-inner\">\n\t\t\t\t<div class=\"elementor-element elementor-element-b58d5b2 elementor-widget elementor-widget-text-editor\" data-id=\"b58d5b2\" data-element_type=\"widget\" data-e-type=\"widget\" data-widget_type=\"text-editor.default\">\n\t\t\t\t\t\t\t\t\t<p><strong><img fetchpriority=\"high\" decoding=\"async\" class=\"wp-image-7316 size-medium alignleft\" src=\"https:\/\/academiapastoralnb.org\/wp-content\/uploads\/2025\/12\/mDoner-8-300x300.jpg\" alt=\"\" width=\"300\" height=\"300\" srcset=\"https:\/\/academiapastoralnb.org\/wp-content\/uploads\/2025\/12\/mDoner-8-300x300.jpg 300w, https:\/\/academiapastoralnb.org\/wp-content\/uploads\/2025\/12\/mDoner-8-150x150.jpg 150w, https:\/\/academiapastoralnb.org\/wp-content\/uploads\/2025\/12\/mDoner-8-768x768.jpg 768w, https:\/\/academiapastoralnb.org\/wp-content\/uploads\/2025\/12\/mDoner-8-12x12.jpg 12w, https:\/\/academiapastoralnb.org\/wp-content\/uploads\/2025\/12\/mDoner-8.jpg 800w\" sizes=\"(max-width: 300px) 100vw, 300px\" \/>Dr. Alan J. Dunn<\/strong><\/p><p><strong>Escribo para que sepas c\u00f3mo uno debe conducirse en la casa [hogar] de Dios, que es la iglesia del Dios viviente, la columna y sost\u00e9n de la verdad [1 Timoteo 2:15].<\/strong><\/p><p>Pablo nos da una definici\u00f3n profunda y centrada en Dios de la iglesia como la casa [hogar] del Dios viviente.\u00a0<\/p><p>El Dios viviente es el Dios verdadero cuya revelaci\u00f3n de S\u00ed mismo es la verdad. Pablo nos informa que la iglesia es la columna y el sost\u00e9n de la verdad.\u00a0<\/p><p>Pregunta: \u201c\u00bfQu\u00e9 colapsa si y cuando la iglesia falla en ser la columna y el sost\u00e9n?\u201d El t\u00edtulo de este art\u00edculo ya provee la respuesta a mi pregunta. La verdad.<\/p><h3><strong>La Iglesia: El apoyo fundamental de la verdad<\/strong><\/h3><p>Una columna y sost\u00e9n es aquello que sostiene un edificio, su fundamento. Pablo imagina un edificio erigido sobre un fundamento. El edificio es la verdad, y el fundamento es la iglesia. La verdad requiere un fundamento si ha de ser erigida entre los hombres. Sin la iglesia, la verdad colapsa y los hombres se encuentran a s\u00ed mismos en una situaci\u00f3n descrita en Isa\u00edas 59:14-15a,<\/p><p><strong>La justicia se volvi\u00f3 atr\u00e1s, y la rectitud se mantiene lejos; porque la verdad tropez\u00f3 en la plaza, y la equidad no puede entrar. S\u00ed, la verdad falta.<\/strong><\/p><p>Nota, sin embargo, que Pablo habla de <strong>\u201cla\u201d<\/strong> verdad, no <strong>\u201cuna\u201d<\/strong> verdad, o <strong>\u201cmi\u201d<\/strong> verdad, o <strong>\u201calgo\u201d<\/strong> de la verdad, sino <strong>\u201cla\u201d<\/strong> verdad. \u00bfTiene el cristianismo b\u00edblico algo verdadero que decir sobre \u201clos temas candentes de nuestros d\u00edas\u201d como la evoluci\u00f3n, el aborto, la disoluci\u00f3n de la familia, etc.? S\u00ed. Una cosmovisi\u00f3n b\u00edblica nos posiciona para acercarnos al espectro completo del conocimiento en el temor de Dios, desde el punto de vista de la sabidur\u00eda. Soy firmemente pro-vida y pro-creacionismo. Creo que la verdad de la revelaci\u00f3n verbal de Dios no entra en conflicto con la verdad de la obra de creaci\u00f3n de Dios. Pero \u00bfes la iglesia la columna y el sost\u00e9n del movimiento pro-vida o de la ciencia-creacionista? Pablo dice que la iglesia es la columna y el sost\u00e9n de <strong>LA<\/strong> verdad.<\/p><h3><strong>La verdad concerniente a Jesucristo<\/strong><\/h3><p>La verdad implica verdad confesional, doctrinal, concerniente a Jesucristo. Esto es evidente en que tan pronto Pablo escribe las palabras <strong>la verdad<\/strong>, lo que el Esp\u00edritu trae a su mente es probablemente una antigua confesi\u00f3n eclesial de cristolog\u00eda [v.16].<\/p><p><strong>Por confesi\u00f3n com\u00fan, grande es el misterio de la piedad:<\/strong><br \/><strong>\u00c9l, quien fue manifestado en carne, fue vindicado en el Esp\u00edritu,<\/strong><br \/><strong>Visto por los \u00e1ngeles, proclamado entre las naciones,<\/strong><br \/><strong>Cre\u00eddo en el mundo, recibido arriba en gloria.<\/strong><\/p><p>La verdad acerca de Jesucristo se articula en estos tres pareados confesionales. Cada pareado expresa sucintamente un aspecto de la cristolog\u00eda doctrinal que abarca desde la encarnaci\u00f3n de Jes\u00fas hasta Su exaltaci\u00f3n.<\/p><p>Pero afirmar que la verdad es cristol\u00f3gica es situar la verdad en el mismo Jesucristo, quien es el camino, la verdad y la vida [Juan 14:6]. La verdad es confesada en afirmaciones proposicionales acerca de Jes\u00fas. La verdad es personal y viva. Confesamos la verdad del Dios viviente que es el Se\u00f1or Jes\u00fas encarnado, resucitado, exaltado y vivo. La iglesia es la columna y el sost\u00e9n de la verdad tal como est\u00e1 en Jes\u00fas [Efesios 4:21], en quien est\u00e1n escondidos todos los tesoros de la sabidur\u00eda y del conocimiento [Colosenses 2:3]. La iglesia es la columna y el sost\u00e9n de la revelaci\u00f3n de Dios en Jesucristo. Sin la iglesia, la verdad de la Palabra de Dios concerniente al evangelio de Dios colapsar\u00e1.<\/p><h3><strong>La verdad concerniente al Esp\u00edritu Santo<\/strong><\/h3><p>La verdad sostenida por la iglesia no solo concierne a la persona y obra de Dios el Hijo, sino tambi\u00e9n a la persona y obra de Dios el Esp\u00edritu. El evangelio proclama las buenas nuevas de que el estatus legal de los pecadores arrepentidos y creyentes es cambiado en la corte del cielo porque somos gratuitamente justificados solo por gracia, solo por fe, solo en Cristo. Tambi\u00e9n son buenas nuevas que, en uni\u00f3n con Cristo, se nos ha dado el don del Esp\u00edritu, quien, habi\u00e9ndonos regenerado, mora en nosotros y efect\u00faa nuestra maduraci\u00f3n en gracia y santidad. Cristo no solo cambia nuestro estatus legal en Su presencia, \u00c9l tambi\u00e9n nos cambia por la presencia y poder del Esp\u00edritu. \u00c9l est\u00e1 obrando en nosotros, liber\u00e1ndonos del poder de nuestro pecado, realmente cambi\u00e1ndonos y conform\u00e1ndonos a la semejanza del mismo Cristo. La idea de ser cristiano y a\u00fan estar esclavizado a nuestro pecado no es \u201cbuenas noticias\u201d. \u00a1Gracias a Dios por el don del Esp\u00edritu Santo!<\/p><p>La iglesia funciona como la columna y el sost\u00e9n de la verdad tal como est\u00e1 en Jes\u00fas porque la iglesia es habitada por el Esp\u00edritu Santo, quien nos une al Jes\u00fas vivo y nos habilita a vivir en \u00c9l y para \u00c9l. La doctrina y vida que glorifican a Cristo en la iglesia son esenciales si vamos a sostener la verdad como columna y sost\u00e9n de la verdad. Si la iglesia no es doctrinalmente sana y vivamente unida a Jesucristo, la verdad se desmoronar\u00e1 y colapsar\u00e1. Es como la iglesia de Cristo que funcionamos como la columna y el sost\u00e9n de la verdad. La integridad y promoci\u00f3n de la verdad dependen de la ortodoxia y ortopraxis de la iglesia. Si vivimos en un d\u00eda en que la verdad ha tropezado en la calle, estamos obligados por 1 Timoteo 3:15 a inquirir acerca de la fortaleza de la columna y el sost\u00e9n de la verdad.<\/p><h3><strong>Convicciones que confiesan la verdad<\/strong><\/h3><p>La verdad requiere una comunidad de disc\u00edpulos comprometidos que la confiesen y proclamen. Podemos tener profundas convicciones personales como disc\u00edpulos individuales, pero nos necesitamos mutuamente si vamos a ser efectivos en erigir el edificio de la verdad en nuestra generaci\u00f3n. La verdad necesita a la iglesia para ser su columna y sost\u00e9n.<\/p><p><strong>Sin una audiencia de aquellos que conocen a Dios\u2026 la teolog\u00eda muere tan ciertamente como el arte muere en ausencia de amantes del arte. Y la iglesia deber\u00eda ser esta audiencia\u2026 La pregunta, por lo tanto, es si la Iglesia tiene una mente para la teolog\u00eda\u2026 No puede haber teolog\u00eda digna de ese nombre que no sea una teolog\u00eda para la Iglesia, una teolog\u00eda en la que la Iglesia participe activamente, en la que se entienda a s\u00ed misma como la auditora principal de la teolog\u00eda. La Iglesia es el lugar donde el conocimiento b\u00edblico debe ser aprendido, desarrollado y aplicado. La Iglesia es el contexto en el cual Dios y Su Palabra deben recibir su pensamiento m\u00e1s serio.<\/strong><br \/>[David Wells, <em>No Place for Truth<\/em> (Grand Rapids, MI: Eerdmans, 1993), 291-2913].<\/p><p>Una iglesia que permite que su verdad confesional y doctrinal sea comprometida es una iglesia que vivir\u00e1 en una cultura en la cual la verdad ha tropezado en la calle.<\/p><h3><strong>Conducta que se conforma a la verdad<\/strong><\/h3><p>Pablo escribe para que sepas c\u00f3mo uno debe conducirse en la casa de Dios [1 Timoteo 3:15]. El t\u00e9rmino \u201cconducirse\u201d abarca la totalidad de la vida del creyente. Nuestra uni\u00f3n con Cristo se vive en nuestra uni\u00f3n con los hermanos de Cristo. Llevamos el nombre de Cristo en cada aspecto de nuestras vidas. Es como la iglesia de Cristo que aprendemos de \u00c9l, y somos progresivamente transformados a Su semejanza mientras el Esp\u00edritu hace efectivos en nosotros los medios de gracia. La Palabra de Dios nos capacita para servir a Cristo fielmente en todas nuestras mayordom\u00edas y en las pr\u00e1cticas de la vida.<\/p><p>As\u00ed como Jes\u00fas es la verdad, nosotros tambi\u00e9n hemos de ser encarnaciones de la verdad. Nuestra integridad y piedad personal, nuestros matrimonios y vida familiar, nuestra \u00e9tica de trabajo, nuestra ciudadan\u00eda civil \u2014todas las esferas de la vida son vividas bajo el se\u00f1or\u00edo del Rey Jes\u00fas, a quien servimos juntos como Sus s\u00fabditos, Su iglesia.<\/p><p>La verdad debe ser conocida. La verdad es Jes\u00fas. Conocemos a Jes\u00fas por el Esp\u00edritu de verdad [Juan 16:13] porque el Esp\u00edritu es la verdad [1 Juan 5:7]. La verdad debe ser vivida. Hemos de practicar la verdad [1 Juan 1:6]. La iglesia es la columna y el sost\u00e9n de la verdad.<\/p><h3><strong>Contrarresta el colapso de la verdad con un compromiso eclesi\u00e1stico b\u00edblico<\/strong><\/h3><p>Si la nuestra es una \u00e9poca de amplia confusi\u00f3n acerca de la verdad, eso es un s\u00edntoma de compromiso eclesi\u00e1stico comprometido. Cuando nuestro compromiso eclesi\u00e1stico es comprometido, la verdad es puesta en peligro.<\/p><p>La Escritura no conoce a ning\u00fan disc\u00edpulo creyente profesante de Jes\u00fas que viva desconectado de la comunidad local de sus compa\u00f1eros disc\u00edpulos. En el Nuevo Testamento, ser cristiano es ser un hombre de iglesia. Como comunidad de disc\u00edpulos de Jes\u00fas, se nos ha confiado la Palabra de Dios, la adoraci\u00f3n de Dios y el bienestar del pueblo de Dios. \u00a1El Dios viviente, el Cristo resucitado, mora en medio de nosotros! Cuando vivimos como comunidades de verdad y amor, proclamaremos el evangelio de Dios y santificaremos el nombre de Dios.<\/p><p>\u00bfC\u00f3mo podemos detener la marea de la confusi\u00f3n moral y teol\u00f3gica tan invasiva de hoy? Resuelve conducirte como la casa [hogar] de Dios, la iglesia del Dios viviente. S\u00e9 un comprometido hombre de iglesia, una piedra viva vital en la columna y el sost\u00e9n de la verdad. S\u00e9 sal y luz en esta generaci\u00f3n enga\u00f1ada. Vive una vida de verdadero amor en un tiempo cuando la iniquidad aumenta y el amor de muchos se enfr\u00eda. Declara y demuestra la verdad como la casa de Dios, la iglesia del Dios viviente, la columna y el sost\u00e9n de la verdad.<\/p>\t\t\t\t\t\t\t\t<\/div>\n\t\t\t\t\t<\/div>\n\t\t\t\t<\/div>\n\t\t\t\t<\/div>\n\t\t","protected":false},"excerpt":{"rendered":"<p>Pablo nos da una definici\u00f3n profunda y centrada en Dios de la iglesia como la casa [hogar] del Dios viviente.\u00a0El Dios viviente es el Dios verdadero cuya revelaci\u00f3n de S\u00ed mismo es la verdad. Pablo nos informa que la iglesia es la columna y el sost\u00e9n de la verdad.\u00a0<\/p>\n","protected":false},"author":1,"featured_media":0,"comment_status":"closed","ping_status":"closed","sticky":false,"template":"","format":"standard","meta":{"footnotes":""},"categories":[1],"tags":[],"class_list":["post-6231","post","type-post","status-publish","format-standard","hentry","category-varios"],"yoast_head":"<!-- This site is optimized with the Yoast SEO plugin v27.5 - https:\/\/yoast.com\/product\/yoast-seo-wordpress\/ -->\n<title>Compromiso eclesi\u00e1stico comprometido y el colapso de la verdad - Academia Pastoral de North Bergen<\/title>\n<meta name=\"robots\" content=\"index, follow, max-snippet:-1, max-image-preview:large, max-video-preview:-1\" \/>\n<link rel=\"canonical\" href=\"https:\/\/academiapastoralnb.org\/es\/compromiso-eclesiastico-comprometido-y-el-colapso-de-la-verdad\/\" \/>\n<meta property=\"og:locale\" content=\"es_ES\" \/>\n<meta property=\"og:type\" content=\"article\" \/>\n<meta property=\"og:title\" content=\"Compromiso eclesi\u00e1stico comprometido y el colapso de la verdad - Academia Pastoral de North Bergen\" \/>\n<meta property=\"og:description\" content=\"Pablo nos da una definici\u00f3n profunda y centrada en Dios de la iglesia como la casa [hogar] del Dios viviente.\u00a0El Dios viviente es el Dios verdadero cuya revelaci\u00f3n de S\u00ed mismo es la verdad. Pablo nos informa que la iglesia es la columna y el sost\u00e9n de la verdad.\u00a0\" \/>\n<meta property=\"og:url\" content=\"https:\/\/academiapastoralnb.org\/es\/compromiso-eclesiastico-comprometido-y-el-colapso-de-la-verdad\/\" \/>\n<meta property=\"og:site_name\" content=\"Academia Pastoral de North Bergen\" \/>\n<meta property=\"article:published_time\" content=\"2025-12-01T18:04:21+00:00\" \/>\n<meta property=\"article:modified_time\" content=\"2025-12-10T20:57:15+00:00\" \/>\n<meta property=\"og:image\" content=\"https:\/\/academiapastoralnb.org\/wp-content\/uploads\/2025\/12\/mDoner-8-300x300.jpg\" \/>\n<meta name=\"author\" content=\"pcweb\" \/>\n<meta name=\"twitter:card\" content=\"summary_large_image\" \/>\n<meta name=\"twitter:label1\" content=\"Escrito por\" \/>\n\t<meta name=\"twitter:data1\" content=\"pcweb\" \/>\n\t<meta name=\"twitter:label2\" content=\"Tiempo de lectura\" \/>\n\t<meta name=\"twitter:data2\" content=\"8 minutos\" \/>\n<script type=\"application\/ld+json\" class=\"yoast-schema-graph\">{\"@context\":\"https:\\\/\\\/schema.org\",\"@graph\":[{\"@type\":\"Article\",\"@id\":\"https:\\\/\\\/academiapastoralnb.org\\\/en\\\/compromiso-eclesiastico-comprometido-y-el-colapso-de-la-verdad\\\/#article\",\"isPartOf\":{\"@id\":\"https:\\\/\\\/academiapastoralnb.org\\\/en\\\/compromiso-eclesiastico-comprometido-y-el-colapso-de-la-verdad\\\/\"},\"author\":{\"name\":\"pcweb\",\"@id\":\"https:\\\/\\\/academiapastoralnb.org\\\/#\\\/schema\\\/person\\\/1fa08d1a2356bce7d1b7b282b76630f2\"},\"headline\":\"Compromiso eclesi\u00e1stico comprometido y el colapso de la verdad\",\"datePublished\":\"2025-12-01T18:04:21+00:00\",\"dateModified\":\"2025-12-10T20:57:15+00:00\",\"mainEntityOfPage\":{\"@id\":\"https:\\\/\\\/academiapastoralnb.org\\\/en\\\/compromiso-eclesiastico-comprometido-y-el-colapso-de-la-verdad\\\/\"},\"wordCount\":1694,\"image\":{\"@id\":\"https:\\\/\\\/academiapastoralnb.org\\\/en\\\/compromiso-eclesiastico-comprometido-y-el-colapso-de-la-verdad\\\/#primaryimage\"},\"thumbnailUrl\":\"https:\\\/\\\/academiapastoralnb.org\\\/wp-content\\\/uploads\\\/2025\\\/12\\\/mDoner-8-300x300.jpg\",\"articleSection\":[\"Varios\"],\"inLanguage\":\"es\"},{\"@type\":\"WebPage\",\"@id\":\"https:\\\/\\\/academiapastoralnb.org\\\/en\\\/compromiso-eclesiastico-comprometido-y-el-colapso-de-la-verdad\\\/\",\"url\":\"https:\\\/\\\/academiapastoralnb.org\\\/en\\\/compromiso-eclesiastico-comprometido-y-el-colapso-de-la-verdad\\\/\",\"name\":\"Compromiso eclesi\u00e1stico comprometido y el colapso de la verdad - Academia Pastoral de North Bergen\",\"isPartOf\":{\"@id\":\"https:\\\/\\\/academiapastoralnb.org\\\/#website\"},\"primaryImageOfPage\":{\"@id\":\"https:\\\/\\\/academiapastoralnb.org\\\/en\\\/compromiso-eclesiastico-comprometido-y-el-colapso-de-la-verdad\\\/#primaryimage\"},\"image\":{\"@id\":\"https:\\\/\\\/academiapastoralnb.org\\\/en\\\/compromiso-eclesiastico-comprometido-y-el-colapso-de-la-verdad\\\/#primaryimage\"},\"thumbnailUrl\":\"https:\\\/\\\/academiapastoralnb.org\\\/wp-content\\\/uploads\\\/2025\\\/12\\\/mDoner-8-300x300.jpg\",\"datePublished\":\"2025-12-01T18:04:21+00:00\",\"dateModified\":\"2025-12-10T20:57:15+00:00\",\"author\":{\"@id\":\"https:\\\/\\\/academiapastoralnb.org\\\/#\\\/schema\\\/person\\\/1fa08d1a2356bce7d1b7b282b76630f2\"},\"breadcrumb\":{\"@id\":\"https:\\\/\\\/academiapastoralnb.org\\\/en\\\/compromiso-eclesiastico-comprometido-y-el-colapso-de-la-verdad\\\/#breadcrumb\"},\"inLanguage\":\"es\",\"potentialAction\":[{\"@type\":\"ReadAction\",\"target\":[\"https:\\\/\\\/academiapastoralnb.org\\\/en\\\/compromiso-eclesiastico-comprometido-y-el-colapso-de-la-verdad\\\/\"]}]},{\"@type\":\"ImageObject\",\"inLanguage\":\"es\",\"@id\":\"https:\\\/\\\/academiapastoralnb.org\\\/en\\\/compromiso-eclesiastico-comprometido-y-el-colapso-de-la-verdad\\\/#primaryimage\",\"url\":\"https:\\\/\\\/academiapastoralnb.org\\\/wp-content\\\/uploads\\\/2025\\\/12\\\/mDoner-8-300x300.jpg\",\"contentUrl\":\"https:\\\/\\\/academiapastoralnb.org\\\/wp-content\\\/uploads\\\/2025\\\/12\\\/mDoner-8-300x300.jpg\"},{\"@type\":\"BreadcrumbList\",\"@id\":\"https:\\\/\\\/academiapastoralnb.org\\\/en\\\/compromiso-eclesiastico-comprometido-y-el-colapso-de-la-verdad\\\/#breadcrumb\",\"itemListElement\":[{\"@type\":\"ListItem\",\"position\":1,\"name\":\"Home\",\"item\":\"https:\\\/\\\/academiapastoralnb.org\\\/\"},{\"@type\":\"ListItem\",\"position\":2,\"name\":\"Compromiso eclesi\u00e1stico comprometido y el colapso de la verdad\"}]},{\"@type\":\"WebSite\",\"@id\":\"https:\\\/\\\/academiapastoralnb.org\\\/#website\",\"url\":\"https:\\\/\\\/academiapastoralnb.org\\\/\",\"name\":\"Academia Pastoral de North Bergen\",\"description\":\"Formaci\u00f3n B\u00edblica y Pastoral: para servir a Dios y a su iglesia\",\"potentialAction\":[{\"@type\":\"SearchAction\",\"target\":{\"@type\":\"EntryPoint\",\"urlTemplate\":\"https:\\\/\\\/academiapastoralnb.org\\\/?s={search_term_string}\"},\"query-input\":{\"@type\":\"PropertyValueSpecification\",\"valueRequired\":true,\"valueName\":\"search_term_string\"}}],\"inLanguage\":\"es\"},{\"@type\":\"Person\",\"@id\":\"https:\\\/\\\/academiapastoralnb.org\\\/#\\\/schema\\\/person\\\/1fa08d1a2356bce7d1b7b282b76630f2\",\"name\":\"pcweb\",\"image\":{\"@type\":\"ImageObject\",\"inLanguage\":\"es\",\"@id\":\"https:\\\/\\\/secure.gravatar.com\\\/avatar\\\/0eefe9b25acee8b9d06292a9eafd6eb119d327efdfffc8b1462a6a2d28bd72a0?s=96&d=mm&r=g\",\"url\":\"https:\\\/\\\/secure.gravatar.com\\\/avatar\\\/0eefe9b25acee8b9d06292a9eafd6eb119d327efdfffc8b1462a6a2d28bd72a0?s=96&d=mm&r=g\",\"contentUrl\":\"https:\\\/\\\/secure.gravatar.com\\\/avatar\\\/0eefe9b25acee8b9d06292a9eafd6eb119d327efdfffc8b1462a6a2d28bd72a0?s=96&d=mm&r=g\",\"caption\":\"pcweb\"},\"sameAs\":[\"https:\\\/\\\/academiapastoralnb.org\"],\"url\":\"https:\\\/\\\/academiapastoralnb.org\\\/es\\\/author\\\/pcweb\\\/\"}]}<\/script>\n<!-- \/ Yoast SEO plugin. -->","yoast_head_json":{"title":"Compromiso eclesi\u00e1stico comprometido y el colapso de la verdad - Academia Pastoral de North Bergen","robots":{"index":"index","follow":"follow","max-snippet":"max-snippet:-1","max-image-preview":"max-image-preview:large","max-video-preview":"max-video-preview:-1"},"canonical":"https:\/\/academiapastoralnb.org\/es\/compromiso-eclesiastico-comprometido-y-el-colapso-de-la-verdad\/","og_locale":"es_ES","og_type":"article","og_title":"Compromiso eclesi\u00e1stico comprometido y el colapso de la verdad - Academia Pastoral de North Bergen","og_description":"Pablo nos da una definici\u00f3n profunda y centrada en Dios de la iglesia como la casa [hogar] del Dios viviente.\u00a0El Dios viviente es el Dios verdadero cuya revelaci\u00f3n de S\u00ed mismo es la verdad. Pablo nos informa que la iglesia es la columna y el sost\u00e9n de la verdad.\u00a0","og_url":"https:\/\/academiapastoralnb.org\/es\/compromiso-eclesiastico-comprometido-y-el-colapso-de-la-verdad\/","og_site_name":"Academia Pastoral de North Bergen","article_published_time":"2025-12-01T18:04:21+00:00","article_modified_time":"2025-12-10T20:57:15+00:00","og_image":[{"url":"https:\/\/academiapastoralnb.org\/wp-content\/uploads\/2025\/12\/mDoner-8-300x300.jpg","type":"","width":"","height":""}],"author":"pcweb","twitter_card":"summary_large_image","twitter_misc":{"Escrito por":"pcweb","Tiempo de lectura":"8 minutos"},"schema":{"@context":"https:\/\/schema.org","@graph":[{"@type":"Article","@id":"https:\/\/academiapastoralnb.org\/en\/compromiso-eclesiastico-comprometido-y-el-colapso-de-la-verdad\/#article","isPartOf":{"@id":"https:\/\/academiapastoralnb.org\/en\/compromiso-eclesiastico-comprometido-y-el-colapso-de-la-verdad\/"},"author":{"name":"pcweb","@id":"https:\/\/academiapastoralnb.org\/#\/schema\/person\/1fa08d1a2356bce7d1b7b282b76630f2"},"headline":"Compromiso eclesi\u00e1stico comprometido y el colapso de la verdad","datePublished":"2025-12-01T18:04:21+00:00","dateModified":"2025-12-10T20:57:15+00:00","mainEntityOfPage":{"@id":"https:\/\/academiapastoralnb.org\/en\/compromiso-eclesiastico-comprometido-y-el-colapso-de-la-verdad\/"},"wordCount":1694,"image":{"@id":"https:\/\/academiapastoralnb.org\/en\/compromiso-eclesiastico-comprometido-y-el-colapso-de-la-verdad\/#primaryimage"},"thumbnailUrl":"https:\/\/academiapastoralnb.org\/wp-content\/uploads\/2025\/12\/mDoner-8-300x300.jpg","articleSection":["Varios"],"inLanguage":"es"},{"@type":"WebPage","@id":"https:\/\/academiapastoralnb.org\/en\/compromiso-eclesiastico-comprometido-y-el-colapso-de-la-verdad\/","url":"https:\/\/academiapastoralnb.org\/en\/compromiso-eclesiastico-comprometido-y-el-colapso-de-la-verdad\/","name":"Compromiso eclesi\u00e1stico comprometido y el colapso de la verdad - Academia Pastoral de North Bergen","isPartOf":{"@id":"https:\/\/academiapastoralnb.org\/#website"},"primaryImageOfPage":{"@id":"https:\/\/academiapastoralnb.org\/en\/compromiso-eclesiastico-comprometido-y-el-colapso-de-la-verdad\/#primaryimage"},"image":{"@id":"https:\/\/academiapastoralnb.org\/en\/compromiso-eclesiastico-comprometido-y-el-colapso-de-la-verdad\/#primaryimage"},"thumbnailUrl":"https:\/\/academiapastoralnb.org\/wp-content\/uploads\/2025\/12\/mDoner-8-300x300.jpg","datePublished":"2025-12-01T18:04:21+00:00","dateModified":"2025-12-10T20:57:15+00:00","author":{"@id":"https:\/\/academiapastoralnb.org\/#\/schema\/person\/1fa08d1a2356bce7d1b7b282b76630f2"},"breadcrumb":{"@id":"https:\/\/academiapastoralnb.org\/en\/compromiso-eclesiastico-comprometido-y-el-colapso-de-la-verdad\/#breadcrumb"},"inLanguage":"es","potentialAction":[{"@type":"ReadAction","target":["https:\/\/academiapastoralnb.org\/en\/compromiso-eclesiastico-comprometido-y-el-colapso-de-la-verdad\/"]}]},{"@type":"ImageObject","inLanguage":"es","@id":"https:\/\/academiapastoralnb.org\/en\/compromiso-eclesiastico-comprometido-y-el-colapso-de-la-verdad\/#primaryimage","url":"https:\/\/academiapastoralnb.org\/wp-content\/uploads\/2025\/12\/mDoner-8-300x300.jpg","contentUrl":"https:\/\/academiapastoralnb.org\/wp-content\/uploads\/2025\/12\/mDoner-8-300x300.jpg"},{"@type":"BreadcrumbList","@id":"https:\/\/academiapastoralnb.org\/en\/compromiso-eclesiastico-comprometido-y-el-colapso-de-la-verdad\/#breadcrumb","itemListElement":[{"@type":"ListItem","position":1,"name":"Home","item":"https:\/\/academiapastoralnb.org\/"},{"@type":"ListItem","position":2,"name":"Compromiso eclesi\u00e1stico comprometido y el colapso de la verdad"}]},{"@type":"WebSite","@id":"https:\/\/academiapastoralnb.org\/#website","url":"https:\/\/academiapastoralnb.org\/","name":"Academia Pastoral de North Bergen","description":"Formaci\u00f3n B\u00edblica y Pastoral: para servir a Dios y a su iglesia","potentialAction":[{"@type":"SearchAction","target":{"@type":"EntryPoint","urlTemplate":"https:\/\/academiapastoralnb.org\/?s={search_term_string}"},"query-input":{"@type":"PropertyValueSpecification","valueRequired":true,"valueName":"search_term_string"}}],"inLanguage":"es"},{"@type":"Person","@id":"https:\/\/academiapastoralnb.org\/#\/schema\/person\/1fa08d1a2356bce7d1b7b282b76630f2","name":"pcweb","image":{"@type":"ImageObject","inLanguage":"es","@id":"https:\/\/secure.gravatar.com\/avatar\/0eefe9b25acee8b9d06292a9eafd6eb119d327efdfffc8b1462a6a2d28bd72a0?s=96&d=mm&r=g","url":"https:\/\/secure.gravatar.com\/avatar\/0eefe9b25acee8b9d06292a9eafd6eb119d327efdfffc8b1462a6a2d28bd72a0?s=96&d=mm&r=g","contentUrl":"https:\/\/secure.gravatar.com\/avatar\/0eefe9b25acee8b9d06292a9eafd6eb119d327efdfffc8b1462a6a2d28bd72a0?s=96&d=mm&r=g","caption":"pcweb"},"sameAs":["https:\/\/academiapastoralnb.org"],"url":"https:\/\/academiapastoralnb.org\/es\/author\/pcweb\/"}]}},"_links":{"self":[{"href":"https:\/\/academiapastoralnb.org\/es\/wp-json\/wp\/v2\/posts\/6231","targetHints":{"allow":["GET"]}}],"collection":[{"href":"https:\/\/academiapastoralnb.org\/es\/wp-json\/wp\/v2\/posts"}],"about":[{"href":"https:\/\/academiapastoralnb.org\/es\/wp-json\/wp\/v2\/types\/post"}],"author":[{"embeddable":true,"href":"https:\/\/academiapastoralnb.org\/es\/wp-json\/wp\/v2\/users\/1"}],"replies":[{"embeddable":true,"href":"https:\/\/academiapastoralnb.org\/es\/wp-json\/wp\/v2\/comments?post=6231"}],"version-history":[{"count":22,"href":"https:\/\/academiapastoralnb.org\/es\/wp-json\/wp\/v2\/posts\/6231\/revisions"}],"predecessor-version":[{"id":8604,"href":"https:\/\/academiapastoralnb.org\/es\/wp-json\/wp\/v2\/posts\/6231\/revisions\/8604"}],"wp:attachment":[{"href":"https:\/\/academiapastoralnb.org\/es\/wp-json\/wp\/v2\/media?parent=6231"}],"wp:term":[{"taxonomy":"category","embeddable":true,"href":"https:\/\/academiapastoralnb.org\/es\/wp-json\/wp\/v2\/categories?post=6231"},{"taxonomy":"post_tag","embeddable":true,"href":"https:\/\/academiapastoralnb.org\/es\/wp-json\/wp\/v2\/tags?post=6231"}],"curies":[{"name":"wp","href":"https:\/\/api.w.org\/{rel}","templated":true}]}}